{"id":8929,"date":"2024-11-05T11:23:27","date_gmt":"2024-11-05T14:23:27","guid":{"rendered":"https:\/\/funcabes.com.br\/convenios\/?p=8929"},"modified":"2025-03-28T13:17:22","modified_gmt":"2025-03-28T16:17:22","slug":"pregao-eletronico-no-03-2024-ata-de-registro-de-preco-para-aquisicao-de-insumos-infantil","status":"publish","type":"post","link":"https:\/\/funcabes.com.br\/convenios\/pregao-eletronico-no-03-2024-ata-de-registro-de-preco-para-aquisicao-de-insumos-infantil\/","title":{"rendered":"Preg\u00e3o Eletr\u00f4nico n\u00ba 03\/2024 \u2013 Ata de Registro de Pre\u00e7o para aquisi\u00e7\u00e3o de Insumos Infantil."},"content":{"rendered":"<p><a href=\"https:\/\/funcabes.com.br\/convenios\/wp-content\/uploads\/2024\/11\/10.-EDITAL.pdf\">EDITAL<\/a><\/p>\n<p><a href=\"https:\/\/funcabes.com.br\/convenios\/wp-content\/uploads\/2024\/11\/12.-Esclareciemento.pdf\">Esclarecimento 01<\/a><\/p>\n<p><a href=\"https:\/\/funcabes.com.br\/convenios\/wp-content\/uploads\/2024\/11\/14.-Esclareciemento-2.pdf\"> Esclarecimento 2<\/a><\/p>\n<p><a href=\"https:\/\/funcabes.com.br\/convenios\/wp-content\/uploads\/2024\/11\/14.-ESCLARECIMENTO-03.pdf\">Esclarecimento 3<\/a><\/p>\n<p><a href=\"https:\/\/funcabes.com.br\/convenios\/wp-content\/uploads\/2024\/11\/15.-REPOSTA-A-IMPUGNACAO.pdf\">Resposta a Impugna\u00e7\u00e3o<\/a><\/p>\n<p><a href=\"https:\/\/funcabes.com.br\/convenios\/wp-content\/uploads\/2024\/11\/17.-ATA-DE-SESSAO.pdf\">Ata de Sess\u00e3o<\/a><\/p>\n<p><a href=\"https:\/\/funcabes.com.br\/convenios\/wp-content\/uploads\/2024\/11\/16.-comunicado-ASS.pdf\">Comunicado data an\u00e1lise amostras<\/a><\/p>\n<p><a href=\"https:\/\/funcabes.com.br\/convenios\/wp-content\/uploads\/2024\/11\/19.-relatorio-de-analise-de-amostras.pdf\">Relat\u00f3rio de analise de amostras<\/a><\/p>\n<p><a href=\"https:\/\/funcabes.com.br\/convenios\/wp-content\/uploads\/2024\/11\/20.-comunicado-sessao.pdf\">Comunicado data retomada sess\u00e3o<\/a><\/p>\n<p><a href=\"https:\/\/funcabes.com.br\/convenios\/wp-content\/uploads\/2024\/11\/22.-comunicado-No2-ass.pdf\">Comunicado entrega amostras e agendamento sess\u00e3o<\/a><\/p>\n<p><a href=\"https:\/\/funcabes.com.br\/convenios\/wp-content\/uploads\/2024\/11\/25.-relatorio-da-analise-das-amostras-dia-19.12.pdf\">Relat\u00f3rio da an\u00e1lise das amostras\u00a0<\/a><\/p>\n<p><a href=\"https:\/\/funcabes.com.br\/convenios\/wp-content\/uploads\/2024\/11\/27.-ata-de-sessao.pdf\">Ata de Sess\u00e3o<\/a><\/p>\n<p><a href=\"https:\/\/funcabes.com.br\/convenios\/wp-content\/uploads\/2024\/11\/28.-adjudicacao.pdf\">Adjudica\u00e7\u00e3o<\/a><\/p>\n<p><a href=\"https:\/\/funcabes.com.br\/convenios\/wp-content\/uploads\/2024\/11\/1.-ATA-DE-REGISTRO-No14-MS.pdf\">ATA DE REGISTRO N\u00ba14 <\/a><\/p>\n<p><a href=\"https:\/\/funcabes.com.br\/convenios\/wp-content\/uploads\/2024\/11\/2.-ATA-DE-REGISTRO-No15-RVN-ASS.pdf\">ATA DE REGISTRO N\u00ba15 <\/a><\/p>\n<p><a href=\"https:\/\/funcabes.com.br\/convenios\/wp-content\/uploads\/2024\/11\/3.-ATA-DE-REGISTRO-No16-SOMAR.pdf\">ATA DE REGISTRO N\u00ba16\u00a0<\/a><\/p>\n<p><a href=\"https:\/\/funcabes.com.br\/convenios\/wp-content\/uploads\/2024\/11\/4.-ATA-DE-REGISTRO-No17-SUNAB.pdf\">ATA DE REGISTRO N\u00ba17<\/a><\/p>\n<p><a href=\"https:\/\/funcabes.com.br\/convenios\/wp-content\/uploads\/2024\/11\/5.-ATA-DE-REGISTRO-N18-TONELLI.pdf\">ATA DE REGISTRO N\u00ba18 <\/a><\/p>\n<p><a href=\"https:\/\/funcabes.com.br\/convenios\/wp-content\/uploads\/2024\/11\/6.-ATA-DE-REGISTRO-No19-VIEIRA.pdf\">ATA DE REGISTRO N\u00ba19<\/a><\/p>\n<p><a href=\"https:\/\/funcabes.com.br\/convenios\/wp-content\/uploads\/2024\/11\/7.-ATA-DE-REGISTRO-No20-MAX.pdf\">ATA DE REGISTRO N\u00ba20<\/a><\/p>\n<p><a href=\"https:\/\/funcabes.com.br\/convenios\/wp-content\/uploads\/2024\/11\/1.ORDEM-DE-COMPRA-01-2025-MS-DE-ARAUJO-AUDESP-OK.pdf\">ORDEM DE COMPRA &#8211; 01-2025 &#8211; MS DE ARAUJO<\/a><\/p>\n<p><a href=\"https:\/\/funcabes.com.br\/convenios\/wp-content\/uploads\/2024\/11\/2.ORDEM-DE-COMPRA-02-2025-SOMAR-AUDESP-OK.pdf\">ORDEM DE COMPRA &#8211; 02-2025 &#8211; SOMAR<\/a><\/p>\n<p><a href=\"https:\/\/funcabes.com.br\/convenios\/wp-content\/uploads\/2024\/11\/3.ORDEM-DE-COMPRA-03-2025-TONELLI-AUDESP-OK.pdf\">ORDEM DE COMPRA &#8211; 03-2025 &#8211; TONELLI\u00a0<\/a><\/p>\n<p><a href=\"https:\/\/funcabes.com.br\/convenios\/wp-content\/uploads\/2024\/11\/8.ORDEM-DE-COMPRA-08-2025-RVN-AUDESP-OK.pdf\">ORDEM DE COMPRA &#8211; 08-2025 &#8211; RVN<\/a><\/p>\n<p><a href=\"https:\/\/funcabes.com.br\/convenios\/wp-content\/uploads\/2024\/11\/12.-ORDEM-DE-COMPRA-12-2025-SOMAR-a.pdf\">ORDEM DE COMPRA &#8211; 12-2025 &#8211; SOMAR <\/a><\/p>\n<p><a href=\"https:\/\/funcabes.com.br\/convenios\/wp-content\/uploads\/2024\/11\/13.-ORDEM-DE-COMPRA-13-2025-TONELLI-ass.pdf\">ORDEM DE COMPRA &#8211; 13-2025 &#8211; TONELLI<\/a><\/p>\n<p><a href=\"https:\/\/funcabes.com.br\/convenios\/wp-content\/uploads\/2024\/11\/14.-ORDEM-DE-COMPRA-14-2025-SOMAR-AUDESP-OK.pdf\">ORDEM DE COMPRA &#8211; 14-2025 &#8211; SOMAR<\/a><\/p>\n<p><a href=\"https:\/\/funcabes.com.br\/convenios\/wp-content\/uploads\/2024\/11\/15.-ORDEM-DE-COMPRA-15-2025-MS-DE-ARAUJOass.pdf\">ORDEM DE COMPRA &#8211; 15-2025 &#8211; MS DE ARAUJO<\/a><\/p>\n<p><a href=\"https:\/\/funcabes.com.br\/convenios\/wp-content\/uploads\/2024\/11\/16.-ORDEM-DE-COMPRA-16-2025-RVNass.pdf\">ORDEM DE COMPRA &#8211; 16-2025 &#8211; RVN<\/a><\/p>\n<p><a href=\"https:\/\/funcabes.com.br\/convenios\/wp-content\/uploads\/2024\/11\/17.-ORDEM-DE-COMPRA-17-2025-VIEIRAass.pdf\">ORDEM DE COMPRA &#8211; 17-2025 &#8211; VIEIRA<\/a><\/p>\n<p><a href=\"https:\/\/funcabes.com.br\/convenios\/wp-content\/uploads\/2024\/11\/18.-ORDEM-DE-COMPRA-18-2025-MAX-ESCOLARass.pdf\">ORDEM DE COMPRA &#8211; 18-2025 &#8211; MAX ESCOLAR<\/a><\/p>\n<p><a href=\"https:\/\/funcabes.com.br\/convenios\/wp-content\/uploads\/2024\/11\/19.-ORDEM-DE-COMPRA-19-2025-SUNABass.pdf\">ORDEM DE COMPRA &#8211; 19-2025 &#8211; SUNAB<\/a><\/p>\n<p>&nbsp;<\/p>\n<p>&nbsp;<\/p>\n","protected":false},"excerpt":{"rendered":"<p>EDITAL Esclarecimento 01 Esclarecimento 2 Esclarecimento 3 Resposta a Impugna\u00e7\u00e3o Ata de Sess\u00e3o Comunicado data an\u00e1lise amostras Relat\u00f3rio de analise de amostras Comunicado data retomada sess\u00e3o Comunicado entrega amostras e agendamento sess\u00e3o Relat\u00f3rio da an\u00e1lise das amostras\u00a0 Ata de Sess\u00e3o Adjudica\u00e7\u00e3o ATA DE REGISTRO N\u00ba14 ATA DE REGISTRO N\u00ba15 ATA DE REGISTRO N\u00ba16\u00a0 ATA DE&#8230;<\/p>\n","protected":false},"author":3,"featured_media":0,"comment_status":"closed","ping_status":"closed","sticky":false,"template":"","format":"standard","meta":{"_wpscppro_custom_social_share_image":0,"_facebook_share_type":"default","_twitter_share_type":"default","_linkedin_share_type":"default","_pinterest_share_type":"default","_linkedin_share_type_page":"","_instagram_share_type":"default","_medium_share_type":"default","_threads_share_type":"","_selected_social_profile":[]},"categories":[10],"tags":[],"_links":{"self":[{"href":"https:\/\/funcabes.com.br\/convenios\/wp-json\/wp\/v2\/posts\/8929"}],"collection":[{"href":"https:\/\/funcabes.com.br\/convenios\/wp-json\/wp\/v2\/posts"}],"about":[{"href":"https:\/\/funcabes.com.br\/convenios\/wp-json\/wp\/v2\/types\/post"}],"author":[{"embeddable":true,"href":"https:\/\/funcabes.com.br\/convenios\/wp-json\/wp\/v2\/users\/3"}],"replies":[{"embeddable":true,"href":"https:\/\/funcabes.com.br\/convenios\/wp-json\/wp\/v2\/comments?post=8929"}],"version-history":[{"count":16,"href":"https:\/\/funcabes.com.br\/convenios\/wp-json\/wp\/v2\/posts\/8929\/revisions"}],"predecessor-version":[{"id":9252,"href":"https:\/\/funcabes.com.br\/convenios\/wp-json\/wp\/v2\/posts\/8929\/revisions\/9252"}],"wp:attachment":[{"href":"https:\/\/funcabes.com.br\/convenios\/wp-json\/wp\/v2\/media?parent=8929"}],"wp:term":[{"taxonomy":"category","embeddable":true,"href":"https:\/\/funcabes.com.br\/convenios\/wp-json\/wp\/v2\/categories?post=8929"},{"taxonomy":"post_tag","embeddable":true,"href":"https:\/\/funcabes.com.br\/convenios\/wp-json\/wp\/v2\/tags?post=8929"}],"curies":[{"name":"wp","href":"https:\/\/api.w.org\/{rel}","templated":true}]}}