{"id":6475,"date":"2023-02-16T12:08:24","date_gmt":"2023-02-16T15:08:24","guid":{"rendered":"https:\/\/funcabes.com.br\/convenios\/?p=6475"},"modified":"2023-02-16T12:10:06","modified_gmt":"2023-02-16T15:10:06","slug":"oficineiros-da-funcabes-homenageados-na-camara-dos-vereadores","status":"publish","type":"post","link":"https:\/\/funcabes.com.br\/convenios\/oficineiros-da-funcabes-homenageados-na-camara-dos-vereadores\/","title":{"rendered":"Oficineiros da Funcabes homenageados na C\u00e2mara dos Vereadores"},"content":{"rendered":"\t\t<div data-elementor-type=\"wp-post\" data-elementor-id=\"6475\" class=\"elementor elementor-6475\">\n\t\t\t\t\t\t\t\t\t<section class=\"elementor-section elementor-top-section elementor-element elementor-element-90fe0cb elementor-section-stretched elementor-section-boxed elementor-section-height-default elementor-section-height-default\" data-id=\"90fe0cb\" data-element_type=\"section\" data-settings=\"{&quot;stretch_section&quot;:&quot;section-stretched&quot;,&quot;background_background&quot;:&quot;classic&quot;}\">\n\t\t\t\t\t\t\t<div class=\"elementor-background-overlay\"><\/div>\n\t\t\t\t\t\t\t<div class=\"elementor-container elementor-column-gap-default\">\n\t\t\t\t\t<div class=\"elementor-column elementor-col-100 elementor-top-column elementor-element elementor-element-3d86b3a\" data-id=\"3d86b3a\" data-element_type=\"column\">\n\t\t\t<div class=\"elementor-widget-wrap elementor-element-populated\">\n\t\t\t\t\t\t\t\t<div class=\"elementor-element elementor-element-d92136e elementor-widget elementor-widget-heading\" data-id=\"d92136e\" data-element_type=\"widget\" data-widget_type=\"heading.default\">\n\t\t\t\t<div class=\"elementor-widget-container\">\n\t\t\t<style>\/*! elementor - v3.7.8 - 02-10-2022 *\/\n.elementor-heading-title{padding:0;margin:0;line-height:1}.elementor-widget-heading .elementor-heading-title[class*=elementor-size-]>a{color:inherit;font-size:inherit;line-height:inherit}.elementor-widget-heading .elementor-heading-title.elementor-size-small{font-size:15px}.elementor-widget-heading .elementor-heading-title.elementor-size-medium{font-size:19px}.elementor-widget-heading .elementor-heading-title.elementor-size-large{font-size:29px}.elementor-widget-heading .elementor-heading-title.elementor-size-xl{font-size:39px}.elementor-widget-heading .elementor-heading-title.elementor-size-xxl{font-size:59px}<\/style><h1 class=\"elementor-heading-title elementor-size-xxl\">Oficineiros homenageados na C\u00e2mara dos Vereados<\/h1>\t\t<\/div>\n\t\t\t\t<\/div>\n\t\t\t\t\t<\/div>\n\t\t<\/div>\n\t\t\t\t\t\t\t<\/div>\n\t\t<\/section>\n\t\t\t\t<section class=\"elementor-section elementor-top-section elementor-element elementor-element-d9fb5ff elementor-section-boxed elementor-section-height-default elementor-section-height-default\" data-id=\"d9fb5ff\" data-element_type=\"section\">\n\t\t\t\t\t\t<div class=\"elementor-container elementor-column-gap-default\">\n\t\t\t\t\t<div class=\"elementor-column elementor-col-100 elementor-top-column elementor-element elementor-element-c23f775\" data-id=\"c23f775\" data-element_type=\"column\">\n\t\t\t<div class=\"elementor-widget-wrap elementor-element-populated\">\n\t\t\t\t\t\t\t\t<div class=\"elementor-element elementor-element-bb1c054 elementor-arrows-position-inside elementor-pagination-position-outside elementor-widget elementor-widget-image-carousel\" data-id=\"bb1c054\" data-element_type=\"widget\" data-settings=\"{&quot;slides_to_show&quot;:&quot;2&quot;,&quot;slides_to_scroll&quot;:&quot;1&quot;,&quot;navigation&quot;:&quot;both&quot;,&quot;autoplay&quot;:&quot;yes&quot;,&quot;pause_on_hover&quot;:&quot;yes&quot;,&quot;pause_on_interaction&quot;:&quot;yes&quot;,&quot;autoplay_speed&quot;:5000,&quot;infinite&quot;:&quot;yes&quot;,&quot;speed&quot;:500}\" data-widget_type=\"image-carousel.default\">\n\t\t\t\t<div class=\"elementor-widget-container\">\n\t\t\t<style>\/*! elementor - v3.7.8 - 02-10-2022 *\/\n.elementor-widget-image-carousel .swiper-container{position:static}.elementor-widget-image-carousel .swiper-container .swiper-slide figure{line-height:inherit}.elementor-widget-image-carousel .swiper-slide{text-align:center}.elementor-image-carousel-wrapper:not(.swiper-container-initialized) .swiper-slide{max-width:calc(100% \/ var(--e-image-carousel-slides-to-show, 3))}<\/style>\t\t<div class=\"elementor-image-carousel-wrapper swiper-container\" dir=\"ltr\">\n\t\t\t<div class=\"elementor-image-carousel swiper-wrapper\">\n\t\t\t\t\t\t\t\t<div class=\"swiper-slide\"><figure class=\"swiper-slide-inner\"><img class=\"swiper-slide-image\" src=\"https:\/\/funcabes.com.br\/convenios\/wp-content\/uploads\/2023\/02\/WhatsApp-Image-2023-02-16-at-08.07.53.jpeg\" alt=\"WhatsApp Image 2023-02-16 at 08.07.53\" \/><\/figure><\/div><div class=\"swiper-slide\"><figure class=\"swiper-slide-inner\"><img class=\"swiper-slide-image\" src=\"https:\/\/funcabes.com.br\/convenios\/wp-content\/uploads\/2023\/02\/WhatsApp-Image-2023-02-16-at-08.07.51.jpeg\" alt=\"WhatsApp Image 2023-02-16 at 08.07.51\" \/><\/figure><\/div><div class=\"swiper-slide\"><figure class=\"swiper-slide-inner\"><img class=\"swiper-slide-image\" src=\"https:\/\/funcabes.com.br\/convenios\/wp-content\/uploads\/2023\/02\/WhatsApp-Image-2023-02-16-at-08.07.38.jpeg\" alt=\"WhatsApp Image 2023-02-16 at 08.07.38\" \/><\/figure><\/div><div class=\"swiper-slide\"><figure class=\"swiper-slide-inner\"><img class=\"swiper-slide-image\" src=\"https:\/\/funcabes.com.br\/convenios\/wp-content\/uploads\/2023\/02\/WhatsApp-Image-2023-02-16-at-08.07.35.jpeg\" alt=\"WhatsApp Image 2023-02-16 at 08.07.35\" \/><\/figure><\/div>\t\t\t<\/div>\n\t\t\t\t\t\t\t\t\t\t\t\t<div class=\"swiper-pagination\"><\/div>\n\t\t\t\t\t\t\t\t\t\t\t\t\t<div class=\"elementor-swiper-button elementor-swiper-button-prev\">\n\t\t\t\t\t\t<i aria-hidden=\"true\" class=\"eicon-chevron-left\"><\/i>\t\t\t\t\t\t<span class=\"elementor-screen-only\">Anterior<\/span>\n\t\t\t\t\t<\/div>\n\t\t\t\t\t<div class=\"elementor-swiper-button elementor-swiper-button-next\">\n\t\t\t\t\t\t<i aria-hidden=\"true\" class=\"eicon-chevron-right\"><\/i>\t\t\t\t\t\t<span class=\"elementor-screen-only\">Pr\u00f3ximo<\/span>\n\t\t\t\t\t<\/div>\n\t\t\t\t\t\t\t\t\t<\/div>\n\t\t\t\t<\/div>\n\t\t\t\t<\/div>\n\t\t\t\t\t<\/div>\n\t\t<\/div>\n\t\t\t\t\t\t\t<\/div>\n\t\t<\/section>\n\t\t\t\t<section class=\"elementor-section elementor-top-section elementor-element elementor-element-86da39f elementor-section-boxed elementor-section-height-default elementor-section-height-default\" data-id=\"86da39f\" data-element_type=\"section\">\n\t\t\t\t\t\t<div class=\"elementor-container elementor-column-gap-default\">\n\t\t\t\t\t<div class=\"elementor-column elementor-col-100 elementor-top-column elementor-element elementor-element-ebfb233\" data-id=\"ebfb233\" data-element_type=\"column\">\n\t\t\t<div class=\"elementor-widget-wrap elementor-element-populated\">\n\t\t\t\t\t\t\t\t<div class=\"elementor-element elementor-element-bb2a586 elementor-widget elementor-widget-text-editor\" data-id=\"bb2a586\" data-element_type=\"widget\" data-widget_type=\"text-editor.default\">\n\t\t\t\t<div class=\"elementor-widget-container\">\n\t\t\t<style>\/*! elementor - v3.7.8 - 02-10-2022 *\/\n.elementor-widget-text-editor.elementor-drop-cap-view-stacked .elementor-drop-cap{background-color:#818a91;color:#fff}.elementor-widget-text-editor.elementor-drop-cap-view-framed .elementor-drop-cap{color:#818a91;border:3px solid;background-color:transparent}.elementor-widget-text-editor:not(.elementor-drop-cap-view-default) .elementor-drop-cap{margin-top:8px}.elementor-widget-text-editor:not(.elementor-drop-cap-view-default) .elementor-drop-cap-letter{width:1em;height:1em}.elementor-widget-text-editor .elementor-drop-cap{float:left;text-align:center;line-height:1;font-size:50px}.elementor-widget-text-editor .elementor-drop-cap-letter{display:inline-block}<\/style>\t\t\t\t<p>O curta &#8220;<strong>Turma da M\u00f4nica: O Plano Pelfeito<\/strong> &#8220;, produzido pelos oficineiros Rodrigo Monteiro e Wesley Madona, junto com o projeto: &#8220;<strong>Sal\u00e3o do Folclore<\/strong>&#8220;, organizado pelo oficineiro Rodrigo Di Paula, receberam uma homenagem ontem (15\/02) na c\u00e2mara dos vereadores por sua mensagem educativa.<\/p><p>Os projetos, que foram inscritos no CICTED de 2022 &#8211; Congresso Internacional de Ci\u00eancia, Tecnologia e Desenvolvimento &#8211; tamb\u00e9m conquistaram pr\u00eamios significativos na \u00e9poca.<\/p><p>Ficamos felizes por fazer parte desses momentos .<br \/>Parab\u00e9ns, meninos!\u00a0<\/p>\t\t\t\t\t\t<\/div>\n\t\t\t\t<\/div>\n\t\t\t\t\t<\/div>\n\t\t<\/div>\n\t\t\t\t\t\t\t<\/div>\n\t\t<\/section>\n\t\t\t\t\t\t\t<\/div>\n\t\t","protected":false},"excerpt":{"rendered":"<p>Oficineiros homenageados na C\u00e2mara dos Vereados Anterior Pr\u00f3ximo O curta &#8220;Turma da M\u00f4nica: O Plano Pelfeito &#8220;, produzido pelos oficineiros Rodrigo Monteiro e Wesley Madona, junto com o projeto: &#8220;Sal\u00e3o do Folclore&#8220;, organizado pelo oficineiro Rodrigo Di Paula, receberam uma homenagem ontem (15\/02) na c\u00e2mara dos vereadores por sua mensagem educativa. Os projetos, que foram&#8230;<\/p>\n","protected":false},"author":3,"featured_media":6480,"comment_status":"closed","ping_status":"closed","sticky":false,"template":"","format":"standard","meta":{"_wpscppro_custom_social_share_image":0,"_facebook_share_type":"","_twitter_share_type":"","_linkedin_share_type":"","_pinterest_share_type":"","_linkedin_share_type_page":"","_instagram_share_type":"","_medium_share_type":"","_threads_share_type":"","_selected_social_profile":[]},"categories":[22,1],"tags":[],"_links":{"self":[{"href":"https:\/\/funcabes.com.br\/convenios\/wp-json\/wp\/v2\/posts\/6475"}],"collection":[{"href":"https:\/\/funcabes.com.br\/convenios\/wp-json\/wp\/v2\/posts"}],"about":[{"href":"https:\/\/funcabes.com.br\/convenios\/wp-json\/wp\/v2\/types\/post"}],"author":[{"embeddable":true,"href":"https:\/\/funcabes.com.br\/convenios\/wp-json\/wp\/v2\/users\/3"}],"replies":[{"embeddable":true,"href":"https:\/\/funcabes.com.br\/convenios\/wp-json\/wp\/v2\/comments?post=6475"}],"version-history":[{"count":4,"href":"https:\/\/funcabes.com.br\/convenios\/wp-json\/wp\/v2\/posts\/6475\/revisions"}],"predecessor-version":[{"id":6487,"href":"https:\/\/funcabes.com.br\/convenios\/wp-json\/wp\/v2\/posts\/6475\/revisions\/6487"}],"wp:featuredmedia":[{"embeddable":true,"href":"https:\/\/funcabes.com.br\/convenios\/wp-json\/wp\/v2\/media\/6480"}],"wp:attachment":[{"href":"https:\/\/funcabes.com.br\/convenios\/wp-json\/wp\/v2\/media?parent=6475"}],"wp:term":[{"taxonomy":"category","embeddable":true,"href":"https:\/\/funcabes.com.br\/convenios\/wp-json\/wp\/v2\/categories?post=6475"},{"taxonomy":"post_tag","embeddable":true,"href":"https:\/\/funcabes.com.br\/convenios\/wp-json\/wp\/v2\/tags?post=6475"}],"curies":[{"name":"wp","href":"https:\/\/api.w.org\/{rel}","templated":true}]}}