{"id":5876,"date":"2022-12-07T16:48:03","date_gmt":"2022-12-07T19:48:03","guid":{"rendered":"https:\/\/funcabes.com.br\/convenios\/?p=5876"},"modified":"2024-05-16T11:40:34","modified_gmt":"2024-05-16T14:40:34","slug":"edital-pregao-presencial-018-2022-material-de-consumo","status":"publish","type":"post","link":"https:\/\/funcabes.com.br\/convenios\/edital-pregao-presencial-018-2022-material-de-consumo\/","title":{"rendered":"Preg\u00e3o Presencial n\u00ba 18\/2022 &#8211; Ata de Registro de Pre\u00e7o para material de consumo escolar pedag\u00f3gico e artesanato."},"content":{"rendered":"<p><strong>Preg\u00e3o Presencial n\u00ba<\/strong>\u00a018\/2022<br \/>\n20\/12\/22<br \/>\n<strong>Processo FUNCABES n\u00ba<\/strong>\u00a0079\/2022<br \/>\n<strong>Prazo m\u00e1ximo para retirada do edital:<\/strong>\u00a020\/12\/22 \u2013 14h<br \/>\n<strong>Objeto:<\/strong>\u00a0Registro de Pre\u00e7os para eventual aquisi\u00e7\u00e3o de Materiais de Consumo Escolar Pedag\u00f3gico e Artesanato em atendimento ao Conv\u00eanio n\u00ba 70.730\/2021<br \/>\n<strong>Data de Entrega dos envelopes:<\/strong>\u00a020\/12\/22<br \/>\n<strong>Hor\u00e1rio:<\/strong>\u00a014h<br \/>\n<strong>Data de abertura:<\/strong>\u00a020\/12\/22<br \/>\n<strong>Prazo para questionamento:<\/strong>\u00a018\/12\/22 \u2013 14h<br \/>\n<strong>Prazo para resposta aos questionamentos:<\/strong>\u00a019\/12\/22 \u2013 14h<br \/>\n<strong>Valor do edital:<\/strong>\u00a0R$ 10,00<\/p>\n<p><strong><a href=\"https:\/\/funcabes.com.br\/convenios\/wp-content\/uploads\/2022\/12\/ata-pregao18.pdf\" target=\"_blank\" rel=\"noopener\">Ata de Preg\u00e3o 18\/2022<\/a><\/strong><\/p>\n<p><strong><a href=\"https:\/\/funcabes.com.br\/convenios\/wp-content\/uploads\/2022\/12\/resposta-ao-questionamento-pregao18-15-12-2022.pdf\" target=\"_blank\" rel=\"noopener\">Resposta ao Questionamento II<\/a><\/strong> &#8211; Preg\u00e3o 18\/2022 &#8211; 15\/12\/2022<\/p>\n<p><strong><a href=\"https:\/\/funcabes.com.br\/convenios\/wp-content\/uploads\/2022\/12\/resposta-ao-questionamento-pregao18-2022-12-12-22.pdf\" target=\"_blank\" rel=\"noopener\">Resposta ao Questionamento I<\/a><\/strong> &#8211; Preg\u00e3o 18\/2022<\/p>\n<p><strong><a href=\"https:\/\/funcabes.com.br\/convenios\/wp-content\/uploads\/2022\/12\/edital-pregao-presencial-018-2022.pdf\" target=\"_blank\" rel=\"noopener\">Edital Preg\u00e3o Presencial 018\/2022<\/a><\/strong> &#8211; Material de Consumo<\/p>\n<p><strong><a href=\"https:\/\/funcabes.com.br\/convenios\/wp-content\/uploads\/2022\/12\/homologacao-pregao-18-22.pdf\">Homologa\u00e7\u00e3o<\/a><\/strong><\/p>\n<p><strong><a href=\"https:\/\/funcabes.com.br\/convenios\/wp-content\/uploads\/2023\/01\/ata_de_registro_de_precos_35-22-alves_e_cabral.pdf\" target=\"_blank\" rel=\"noopener\">Ata de Registro de Pre\u00e7os 35-22 &#8211; Alves e Cabral<\/a><\/strong><\/p>\n<p><strong><a href=\"https:\/\/funcabes.com.br\/convenios\/wp-content\/uploads\/2023\/01\/Ata-de-Registro-de-Precos-36-22-Fabricio-de-Ramos-Cia-Ltda-EPP.pdf\" target=\"_blank\" rel=\"noopener\">Ata de Registro de Pre\u00e7os 36-22 &#8211; Fabricio de Ramos &amp; Cia Ltda EPP<\/a><\/strong><\/p>\n<p><strong><a href=\"https:\/\/funcabes.com.br\/convenios\/wp-content\/uploads\/2023\/01\/Ata-de-Registro-de-Precos-37-22-Alianca.pdf\" target=\"_blank\" rel=\"noopener\">Ata de Registro de Pre\u00e7os 37-22 &#8211; Alian\u00e7a<\/a><\/strong><\/p>\n<p><strong><a href=\"https:\/\/funcabes.com.br\/convenios\/wp-content\/uploads\/2023\/01\/Ata-de-Registro-de-Precos-38-22-Andrade.pdf\" target=\"_blank\" rel=\"noopener\">Ata de Registro de Pre\u00e7os 38-22 \u2013 Andrade<\/a><\/strong><\/p>\n<p><strong><a href=\"https:\/\/funcabes.com.br\/convenios\/wp-content\/uploads\/2023\/01\/Ata-de-Registro-de-Precos-39-22-Comercial-Atitude.pdf\" target=\"_blank\" rel=\"noopener\">Ata de Registro de Pre\u00e7os 39-22 &#8211; Comercial Atitude<\/a><\/strong><\/p>\n<p><strong><a href=\"https:\/\/funcabes.com.br\/convenios\/wp-content\/uploads\/2023\/01\/Ata-de-Registro-de-Precos-40-22-LC.pdf\" target=\"_blank\" rel=\"noopener\">Ata de Registro de Pre\u00e7os 40-22 \u2013 LC<\/a><\/strong><\/p>\n<p><strong><a href=\"https:\/\/funcabes.com.br\/convenios\/wp-content\/uploads\/2023\/01\/Ata-de-Registro-de-Precos-41-22-MELHOR-DISTRIBUIDORA.pdf\" target=\"_blank\" rel=\"noopener\">Ata de Registro de Pre\u00e7os 41-22 &#8211; MELHOR DISTRIBUIDORA<\/a><\/strong><\/p>\n<p><a href=\"https:\/\/funcabes.com.br\/convenios\/wp-content\/uploads\/2023\/01\/Ata-de-Registro-de-Precos-42-22-Ms-de-Araujo-Atacadista-de-Produtos-em-Geral-Ltda.pdf\" target=\"_blank\" rel=\"noopener\"><strong>Ata de Registro de Pre\u00e7os 42-22 &#8211; Ms de Araujo Atacadista de Produtos em Geral Ltda<\/strong><\/a><\/p>\n<p><strong><a href=\"https:\/\/funcabes.com.br\/convenios\/wp-content\/uploads\/2023\/01\/Ata-de-Registro-de-Precos-43-22-Orla-Distribuidora-de-Produtos-Eireli.pdf\" target=\"_blank\" rel=\"noopener\">Ata de Registro de Pre\u00e7os 43-22 &#8211; Orla Distribuidora de Produtos Eireli<\/a><\/strong><\/p>\n<p><strong><a href=\"https:\/\/funcabes.com.br\/convenios\/wp-content\/uploads\/2023\/01\/Ata-de-Registro-de-Precos-44-22-RVN.pdf\" target=\"_blank\" rel=\"noopener\">Ata de Registro de Pre\u00e7os 44-22 \u2013 RVN<\/a><\/strong><\/p>\n<p>&nbsp;<\/p>\n","protected":false},"excerpt":{"rendered":"<p>Preg\u00e3o Presencial n\u00ba\u00a018\/2022 20\/12\/22 Processo FUNCABES n\u00ba\u00a0079\/2022 Prazo m\u00e1ximo para retirada do edital:\u00a020\/12\/22 \u2013 14h Objeto:\u00a0Registro de Pre\u00e7os para eventual aquisi\u00e7\u00e3o de Materiais de Consumo Escolar Pedag\u00f3gico e Artesanato em atendimento ao Conv\u00eanio n\u00ba 70.730\/2021 Data de Entrega dos envelopes:\u00a020\/12\/22 Hor\u00e1rio:\u00a014h Data de abertura:\u00a020\/12\/22 Prazo para questionamento:\u00a018\/12\/22 \u2013 14h Prazo para resposta aos questionamentos:\u00a019\/12\/22 \u2013&#8230;<\/p>\n","protected":false},"author":3,"featured_media":0,"comment_status":"closed","ping_status":"closed","sticky":false,"template":"","format":"standard","meta":{"_wpscppro_custom_social_share_image":0,"_facebook_share_type":"","_twitter_share_type":"","_linkedin_share_type":"","_pinterest_share_type":"","_linkedin_share_type_page":"","_instagram_share_type":"","_medium_share_type":"","_threads_share_type":"","_selected_social_profile":[]},"categories":[1,10],"tags":[],"_links":{"self":[{"href":"https:\/\/funcabes.com.br\/convenios\/wp-json\/wp\/v2\/posts\/5876"}],"collection":[{"href":"https:\/\/funcabes.com.br\/convenios\/wp-json\/wp\/v2\/posts"}],"about":[{"href":"https:\/\/funcabes.com.br\/convenios\/wp-json\/wp\/v2\/types\/post"}],"author":[{"embeddable":true,"href":"https:\/\/funcabes.com.br\/convenios\/wp-json\/wp\/v2\/users\/3"}],"replies":[{"embeddable":true,"href":"https:\/\/funcabes.com.br\/convenios\/wp-json\/wp\/v2\/comments?post=5876"}],"version-history":[{"count":21,"href":"https:\/\/funcabes.com.br\/convenios\/wp-json\/wp\/v2\/posts\/5876\/revisions"}],"predecessor-version":[{"id":8433,"href":"https:\/\/funcabes.com.br\/convenios\/wp-json\/wp\/v2\/posts\/5876\/revisions\/8433"}],"wp:attachment":[{"href":"https:\/\/funcabes.com.br\/convenios\/wp-json\/wp\/v2\/media?parent=5876"}],"wp:term":[{"taxonomy":"category","embeddable":true,"href":"https:\/\/funcabes.com.br\/convenios\/wp-json\/wp\/v2\/categories?post=5876"},{"taxonomy":"post_tag","embeddable":true,"href":"https:\/\/funcabes.com.br\/convenios\/wp-json\/wp\/v2\/tags?post=5876"}],"curies":[{"name":"wp","href":"https:\/\/api.w.org\/{rel}","templated":true}]}}