{"id":3923,"date":"2021-08-13T04:37:10","date_gmt":"2021-08-13T04:37:10","guid":{"rendered":"https:\/\/selifidreams.com.br\/transforming-into-the-digital-enterprise\/"},"modified":"2022-09-13T11:21:30","modified_gmt":"2022-09-13T14:21:30","slug":"festa-junina","status":"publish","type":"post","link":"https:\/\/funcabes.com.br\/convenios\/festa-junina\/","title":{"rendered":"Festa Junina Funcabes"},"content":{"rendered":"\t\t<div data-elementor-type=\"wp-post\" data-elementor-id=\"3923\" class=\"elementor elementor-3923\">\n\t\t\t\t\t\t\t\t\t<section class=\"elementor-section elementor-top-section elementor-element elementor-element-4a23206b elementor-section-boxed elementor-section-height-default elementor-section-height-default\" data-id=\"4a23206b\" data-element_type=\"section\">\n\t\t\t\t\t\t<div class=\"elementor-container elementor-column-gap-default\">\n\t\t\t\t\t<div class=\"elementor-column elementor-col-100 elementor-top-column elementor-element elementor-element-62658e9c\" data-id=\"62658e9c\" data-element_type=\"column\">\n\t\t\t<div class=\"elementor-widget-wrap elementor-element-populated\">\n\t\t\t\t\t\t\t\t<div class=\"elementor-element elementor-element-64a53dda elementor-widget elementor-widget-text-editor\" data-id=\"64a53dda\" data-element_type=\"widget\" data-widget_type=\"text-editor.default\">\n\t\t\t\t<div class=\"elementor-widget-container\">\n\t\t\t<style>\/*! elementor - v3.7.8 - 02-10-2022 *\/\n.elementor-widget-text-editor.elementor-drop-cap-view-stacked .elementor-drop-cap{background-color:#818a91;color:#fff}.elementor-widget-text-editor.elementor-drop-cap-view-framed .elementor-drop-cap{color:#818a91;border:3px solid;background-color:transparent}.elementor-widget-text-editor:not(.elementor-drop-cap-view-default) .elementor-drop-cap{margin-top:8px}.elementor-widget-text-editor:not(.elementor-drop-cap-view-default) .elementor-drop-cap-letter{width:1em;height:1em}.elementor-widget-text-editor .elementor-drop-cap{float:left;text-align:center;line-height:1;font-size:50px}.elementor-widget-text-editor .elementor-drop-cap-letter{display:inline-block}<\/style>\t\t\t\t<!-- wp:separator {\"opacity\":\"css\"} --><hr class=\"wp-block-separator has-css-opacity\" \/><!-- \/wp:separator --><!-- wp:paragraph -->\n<p>Junho j\u00e1 terminou, mas isso n\u00e3o quer dizer que os arrai\u00e1s acabaram!\u00a0Depois de um hiato de dois anos, quadrilha, doce de milho e quent\u00e3o voltaram na Festa Junina do Funcabes. Com a melhora da pandemia do Covid-19 no pa\u00eds, nossa funda\u00e7\u00e3o preparou um arraia presencial.<\/p>\n<!-- \/wp:paragraph --><!-- wp:image {\"id\":1396,\"sizeSlug\":\"large\",\"linkDestination\":\"none\"} -->\n<figure class=\"wp-block-image size-large\"><img class=\"wp-image-1396\" src=\"http:\/\/selifidreams.com.br\/wp-content\/uploads\/2021\/08\/festa-junina-funcabes9-1024x473.jpg\" alt=\"\" \/><\/figure>\n<!-- \/wp:image --><!-- wp:paragraph -->\n<p>O evento voltou ao formato principal com muitas guloseimas t\u00edpicas das festas caipiras como milho verde, bolos, doce de ab\u00f3bora, canjica, arroz doce, caldos e muitas outras comidas.<\/p>\n<!-- \/wp:group -->\t\t\t\t\t\t<\/div>\n\t\t\t\t<\/div>\n\t\t\t\t\t<\/div>\n\t\t<\/div>\n\t\t\t\t\t\t\t<\/div>\n\t\t<\/section>\n\t\t\t\t<section class=\"elementor-section elementor-top-section elementor-element elementor-element-afd82d9 elementor-section-boxed elementor-section-height-default elementor-section-height-default\" data-id=\"afd82d9\" data-element_type=\"section\">\n\t\t\t\t\t\t<div class=\"elementor-container elementor-column-gap-default\">\n\t\t\t\t\t<div class=\"elementor-column elementor-col-25 elementor-top-column elementor-element elementor-element-7243ae8\" data-id=\"7243ae8\" data-element_type=\"column\">\n\t\t\t<div class=\"elementor-widget-wrap\">\n\t\t\t\t\t\t\t\t\t<\/div>\n\t\t<\/div>\n\t\t\t\t<div class=\"elementor-column elementor-col-25 elementor-top-column elementor-element elementor-element-9056b0b\" data-id=\"9056b0b\" data-element_type=\"column\">\n\t\t\t<div class=\"elementor-widget-wrap\">\n\t\t\t\t\t\t\t\t\t<\/div>\n\t\t<\/div>\n\t\t\t\t<div class=\"elementor-column elementor-col-25 elementor-top-column elementor-element elementor-element-a1f31fc\" data-id=\"a1f31fc\" data-element_type=\"column\">\n\t\t\t<div class=\"elementor-widget-wrap\">\n\t\t\t\t\t\t\t\t\t<\/div>\n\t\t<\/div>\n\t\t\t\t<div class=\"elementor-column elementor-col-25 elementor-top-column elementor-element elementor-element-6edb27b\" data-id=\"6edb27b\" data-element_type=\"column\">\n\t\t\t<div class=\"elementor-widget-wrap\">\n\t\t\t\t\t\t\t\t\t<\/div>\n\t\t<\/div>\n\t\t\t\t\t\t\t<\/div>\n\t\t<\/section>\n\t\t\t\t<section class=\"elementor-section elementor-top-section elementor-element elementor-element-47af033 elementor-section-boxed elementor-section-height-default elementor-section-height-default\" data-id=\"47af033\" data-element_type=\"section\">\n\t\t\t\t\t\t<div class=\"elementor-container elementor-column-gap-default\">\n\t\t\t\t\t<div class=\"elementor-column elementor-col-100 elementor-top-column elementor-element elementor-element-e2cff76\" data-id=\"e2cff76\" data-element_type=\"column\">\n\t\t\t<div class=\"elementor-widget-wrap elementor-element-populated\">\n\t\t\t\t\t\t\t\t<div class=\"elementor-element elementor-element-cca92d5 elementor-arrows-position-inside elementor-pagination-position-outside elementor-widget elementor-widget-image-carousel\" data-id=\"cca92d5\" data-element_type=\"widget\" data-settings=\"{&quot;navigation&quot;:&quot;both&quot;,&quot;autoplay&quot;:&quot;yes&quot;,&quot;pause_on_hover&quot;:&quot;yes&quot;,&quot;pause_on_interaction&quot;:&quot;yes&quot;,&quot;autoplay_speed&quot;:5000,&quot;infinite&quot;:&quot;yes&quot;,&quot;speed&quot;:500}\" data-widget_type=\"image-carousel.default\">\n\t\t\t\t<div class=\"elementor-widget-container\">\n\t\t\t<style>\/*! elementor - v3.7.8 - 02-10-2022 *\/\n.elementor-widget-image-carousel .swiper-container{position:static}.elementor-widget-image-carousel .swiper-container .swiper-slide figure{line-height:inherit}.elementor-widget-image-carousel .swiper-slide{text-align:center}.elementor-image-carousel-wrapper:not(.swiper-container-initialized) .swiper-slide{max-width:calc(100% \/ var(--e-image-carousel-slides-to-show, 3))}<\/style>\t\t<div class=\"elementor-image-carousel-wrapper swiper-container\" dir=\"ltr\">\n\t\t\t<div class=\"elementor-image-carousel swiper-wrapper swiper-image-stretch\">\n\t\t\t\t\t\t\t\t<div class=\"swiper-slide\"><a data-elementor-open-lightbox=\"yes\" data-elementor-lightbox-slideshow=\"cca92d5\" data-elementor-lightbox-title=\"[your-subject]\" data-elementor-lightbox-description=\"Lucas Monteiro de Gouv\u00eaa Cimadon\nlucasgouveacimadon@outlook.com\nPROCESSO SELETIVO - FUNCABES\nBoa Tarde, me chamo Lucas Monteiro de Gouv\u00eaa Cimadon, fiz o processo seletivo de voc\u00eas para  as vagas de Analista T\u00e9cnico Administrativo, Auxiliar T\u00e9cnico Administrativo e Supervisor T\u00e9cnico Administrativo,, por\u00e9m ao ver o resultado final, n\u00e3o consta meu nome nem nos &quot;Classificados &quot; e nem nos &quot; Desclassificados&quot; conferi o meu e-mail e foi enviado com o endere\u00e7o eletr\u00f4nico correto e est\u00e1 correto, hoje na parte da manh\u00e3 fui at\u00e9 voc\u00eas pessoalmente e n\u00e3o pude conversar com ningu\u00e9m devido a pandemia e o aviso que voc\u00eas comunicaram a portaria para as pessoas n\u00e3o entrarem devido a pandemia, eu gostaria de um esclarecimento e saber o porque meu nome n\u00e3o consta em nenhuma lista, sendo que fiz todo o procedimento correto do edital. Meu e-mail foi enviado no dia 20\/05\/2021 (dentro do prazo estabelecido) as 17:02, com todos documentos conforme edital, tenho como provar meu envio, e tentei ligar por v\u00e1rias vezes pelo dois telefones no site do pr\u00f3prio FUNCABES, tanto o do site e tanto de d\u00favidas sobre o processo e n\u00e3o houve sucesso, liguei mais de 20 vezes, tentei contato pelo whats app por duas vezes e n\u00e3o houve resposta.\r\n\r\nPor favor aguardo uma resposta, eu estou desempregado e gostaria muito de participar do processo, ainda n\u00e3o fiz o formul\u00e1rio de recurso, mas gostaria primeiro de um posicionamento de voc\u00eas.\r\n\r\nAtt\r\n\r\nLucas Monteiro de Gouv\u00eaa Cimadon\r\nWhats APP (012 99104-0372)\n03AGdBq27HfcRO1dedaH8t7RB4mNqOIJzyhP9pBhtrzaSeWH6tjlJdwWaggZVUMViqTRrfXMTMQBfxhuC3uDem8hLVKCkf8ky-lSD06oMqrAjgM6O-vvieWXsqZ6LfpDFR4MK-kaVSPvhEhQ9bFTQdSTCXW6qwGrS27KzxnyENbB-BsM0a4Y3DcL-l_23kyzfTa3-FHq1eM79cfvZTBJglKO2pVy04mtV1VB0vjpaSLIhjkJ8zcpSq13yzc8M9-Za7KK511_6VaunppTJtrUH8hjwgjBbMDSvxERTNE6RWRl-gMNupYvDC-6jeH5RmzYbQdiqIeWaAlRJ5M1SohBcxv-Qe9FgpT4W-gFOcfx1wO5oPD3KrECGAZxxBDrTjjormvwxwWfpv1jbh8mJKGkFwP6gE_0BMw5pF2fnWQkG-jteKy0PY1hEYaMucGd4tCRvoRNDkpjRL2DxE\n8\n189.55.156.100\nMozilla\/5.0 (Windows NT 10.0; Win64; x64; rv:89.0) Gecko\/20100101 Firefox\/89.0\nhttps:\/\/funcabes.com.br\/convenios\/contato\/\n07062021\n14:31\n14\ncontato\nContato\nhttps:\/\/funcabes.com.br\/convenios\/contato\/\nvalemidia\nivansimas@gmail.com\nFuncabes | Funda\u00e7\u00e3o Caixa Beneficente\nSomos uma pessoa jur\u00eddica de direito privado, sem fins lucrativos, dotada de patrim\u00f4nio pr\u00f3prio e autonomia administrativa e financeira.\nhttps:\/\/funcabes.com.br\/convenios\nivansimas@gmail.com\" e-action-hash=\"#elementor-action%3Aaction%3Dlightbox%26settings%3DeyJpZCI6MTM5MSwidXJsIjpmYWxzZSwic2xpZGVzaG93IjoiY2NhOTJkNSJ9\"><figure class=\"swiper-slide-inner\"><img class=\"swiper-slide-image\" src=\"http:\/\/selifidreams.com.br\/wp-content\/uploads\/2021\/08\/festa-junina-funcabes2.jpg\" alt=\"[your-subject]\" \/><\/figure><\/a><\/div><div class=\"swiper-slide\"><a data-elementor-open-lightbox=\"yes\" data-elementor-lightbox-slideshow=\"cca92d5\" data-elementor-lightbox-title=\"[your-subject]\" data-elementor-lightbox-description=\"Marcus Vinicius Braga avelar\nAuxiliar escolar e transporte\n13299157639\n(12) 98876-5376\nmarcusolecram@gmail.com\n10\/09\/1999\n\u201cEu, Marcus Vin\u00edcius Braga avelar portador do RG 62.367158-x\r\nn\u00b0, CPF  13299157639 venho respeitosamente, no prazo legal, solicitar a revis\u00e3o do resultado do  processo seletivo, pois meu nome consta em classifica\u00e7\u00e3o aqu\u00e9m dos documentos enviados na lista\r\nda classifica\u00e7\u00e3o preliminar, e qual foi o crit\u00e9rio utilizado para a classifica\u00e7\u00e3o dos\r\ncandidatos foram ensino m\u00e9dio, cursos na \u00e1rea e experi\u00eancia .Uma vez, que apresentei todos os documentos pedidos. Minha nota n\u00e3o poderia ser menor que os 7 pontos m\u00e1ximos calculados, devido carga hor\u00e1rio dos cursos e tempo de experi\u00eancia apresentado no ato da inscri\u00e7\u00e3o.Ante o exposto, solicito encarecidamente que disponibilizem a revis\u00e3o a cerca da minha classifica\u00e7\u00e3o. Agrade\u00e7o a compreens\u00e3o de todos!\u201d. Marcus Vinicius Braga Avelar\n03AGdBq26M7daXv-EUNQGmMXPIbPxHxzWgdcD9tae47NWn8vtluaIMd3Iw4WKl9o6Q88-XqgB0yqV4BMmLhikYtbqp5WMmvn4ojqFglZSB74oZU-xXzjuK2_al_xUj9h1GgbD3ZBBQu8bqm8KWQyjHTDk5giu3yCIMwcLgsyEUOk6WOjYQL2J3n4UvI42s10LOu9Tk6MCMDcCiMLfOuVO_-kLusEz2n3xh-_H43EBCx-Y0V6gHpJQVgq5cNbQQYZSwfB7ylXAqAx6lhnfJpnp33hTC22vMRg9tjj4p9aPSzV5HrWhfLkHGvv9FqJTcMFzjo340x2eXN9iwcZD3h6-ykPPfgxW0mb6QE9O07h06WjdqStjXA1VUHWGDBav_Wu2_5T3ZlSEPLSWZYenGyjdNbrSGZXIi4x-P_bNoebxi1nNT11RrxKTJcuBd8lQehNNNpE022-sF3G3ona4l7ONB0VNcBp3jpoW64bv1XuKBWZCcWI3BlaItXXU\n5ed0267cb0923c38d56dff622efa1068\n358\n143.137.39.45\nMozilla\/5.0 (Linux; Android 10; motorola one macro) AppleWebKit\/537.36 (KHTML, like Gecko) Chrome\/91.0.4472.88 Mobile Safari\/537.36\nhttps:\/\/funcabes.com.br\/convenios\/recurso\/\n07062021\n14:31\n1012\nrecurso\nRecurso\nhttps:\/\/funcabes.com.br\/convenios\/recurso\/\nvalemidia\nivansimas@gmail.com\nFuncabes | Funda\u00e7\u00e3o Caixa Beneficente\nSomos uma pessoa jur\u00eddica de direito privado, sem fins lucrativos, dotada de patrim\u00f4nio pr\u00f3prio e autonomia administrativa e financeira.\nhttps:\/\/funcabes.com.br\/convenios\nivansimas@gmail.com\" e-action-hash=\"#elementor-action%3Aaction%3Dlightbox%26settings%3DeyJpZCI6MTM5MCwidXJsIjpmYWxzZSwic2xpZGVzaG93IjoiY2NhOTJkNSJ9\"><figure class=\"swiper-slide-inner\"><img class=\"swiper-slide-image\" src=\"http:\/\/selifidreams.com.br\/wp-content\/uploads\/2021\/08\/festa-junina-funcabes1.jpg\" alt=\"[your-subject]\" \/><\/figure><\/a><\/div><div class=\"swiper-slide\"><a data-elementor-open-lightbox=\"yes\" data-elementor-lightbox-slideshow=\"cca92d5\" data-elementor-lightbox-title=\"[your-subject]\" data-elementor-lightbox-description=\"GISELE DOS SANTOS MONTEIRO GODOI\nAuxiliar de educa\u00e7\u00e3o infantil\n36199586883\n12991992061\ngiselemonteirogd@hotmail.com\n19\/09\/1986\nRever a pontua\u00e7\u00e3o. Todos os documentos foram enviados e a pontua\u00e7\u00e3o deveria ser 7.0, mas foi divulgada 6.0\n03AGdBq27Il55mrBh6o_pqbADiLAhpHdwKVc5uwon5NnwODjvDe6OQ_J68SCOluDyRErAotjoVbun5sdnaGyKrxTIE2od6VcJAE1hf_ky27aBGX_gkoSDRxsjWdpmY7ZJF1jr4Flrd4kNdzOnnbB-INK2mlTBAJIrqUkgjrNwH5lVqNG5wsWpI_UfSSoCtjF8FrDoJmDKn2DU240iuMTMrbzY7gx6qhnfWtt8cgbLoLCvKrVQz8aDbRM5ETW0HChx9hBYoyv0g7ZDoBjOGPvmKUEqrCEwn_bK097Sz1PZzabfDFLlzWN8fc9GuI1aMOEi-pqxmQKZs7m7M3fjxcFZthiAtbjYFKu1eUfD9NNpaduRl3VzxLE6YLj8NpfY9l1-TmzMGjO3hnlVy7NhlcQhk1V2xkpZzg9MjPiT1pDKzEejs7rd7Y_2gx-HXNsOiwqfHewe7gpNIEXn3NtjF7LtUaLLue65OH-FA-1JhwOkkrO4wXSytp0Pi1iveAUP68UM89pygL-yNi2prANwc__M1mHnE53QYzRmMFw\nc2527f2687f6ee6f44b471764d6b5976\n359\n189.65.51.161\nMozilla\/5.0 (Linux; Android 10; motorola one vision) AppleWebKit\/537.36 (KHTML, like Gecko) Chrome\/91.0.4472.88 Mobile Safari\/537.36\nhttps:\/\/funcabes.com.br\/convenios\/recurso\/\n07062021\n14:32\n1012\nrecurso\nRecurso\nhttps:\/\/funcabes.com.br\/convenios\/recurso\/\nvalemidia\nivansimas@gmail.com\nFuncabes | Funda\u00e7\u00e3o Caixa Beneficente\nSomos uma pessoa jur\u00eddica de direito privado, sem fins lucrativos, dotada de patrim\u00f4nio pr\u00f3prio e autonomia administrativa e financeira.\nhttps:\/\/funcabes.com.br\/convenios\nivansimas@gmail.com\" e-action-hash=\"#elementor-action%3Aaction%3Dlightbox%26settings%3DeyJpZCI6MTM5MiwidXJsIjpmYWxzZSwic2xpZGVzaG93IjoiY2NhOTJkNSJ9\"><figure class=\"swiper-slide-inner\"><img class=\"swiper-slide-image\" src=\"http:\/\/selifidreams.com.br\/wp-content\/uploads\/2021\/08\/festa-junina-funcabes3.jpg\" alt=\"[your-subject]\" \/><\/figure><\/a><\/div><div class=\"swiper-slide\"><a data-elementor-open-lightbox=\"yes\" data-elementor-lightbox-slideshow=\"cca92d5\" data-elementor-lightbox-title=\"[your-subject]\" data-elementor-lightbox-description=\"Simone Aparecida de Faria\nAuxiliar de conhecimento\n30692404880\n(12) 99704-5043\nsimonejeanfaria@gmail.com\n04\/08\/1983\nMeu nome n\u00e3o consta nem na lista dos desclassificados.\n03AGdBq25ZCx_f3y65S0xIVAHlugW0Ak3dNf3AV2zybrwWtnxQcOnfXth3nCRydz2KoZ9vtVqmj76PO2E1Ur1A5a48Md7f4NK8cAi9nsv07SRkzCK_np-uHNKZkqKMt6IA7Sicv70agy8gQH2Jl424g5j-M8mvTy5Q8RKBL5CWlFzo2-Q6YdQUAnZHDK-IjPv8EZV21uQGPa1kr2aKpUdalBY7YetzzP-V1Gk0g_6rRmEHRPiyJ6YcUx4LP71UB6AGj-MOEU0OH8yd_ooKx3sNmAP7lv7pNYgzaZOHreNMqrWrppkxjMzf6AJnuofJZn5RBcyLu8PM9QVWQn4vG3xJ4p9otIcRxaf7bmcp-DW1JOFqP-yl6IpIJp_ppZpj97SBK0WpytL7bnJI2zRprkBP3NUrl4rthtxncz06xw6KzvCZyFFslvH2HX28Mucjqyq1GNaYpmgihYLJn4vFRs4ha6rJl3oVZVrLFQ\n8e03e62dd13ed8e6b92984cec989e058\n360\n191.240.80.141\nMozilla\/5.0 (Linux; Android 10; moto g(8) power lite) AppleWebKit\/537.36 (KHTML, like Gecko) Chrome\/91.0.4472.88 Mobile Safari\/537.36\nhttps:\/\/funcabes.com.br\/convenios\/recurso\/\n07062021\n14:32\n1012\nrecurso\nRecurso\nhttps:\/\/funcabes.com.br\/convenios\/recurso\/\nvalemidia\nivansimas@gmail.com\nFuncabes | Funda\u00e7\u00e3o Caixa Beneficente\nSomos uma pessoa jur\u00eddica de direito privado, sem fins lucrativos, dotada de patrim\u00f4nio pr\u00f3prio e autonomia administrativa e financeira.\nhttps:\/\/funcabes.com.br\/convenios\nivansimas@gmail.com\" e-action-hash=\"#elementor-action%3Aaction%3Dlightbox%26settings%3DeyJpZCI6MTM5MywidXJsIjpmYWxzZSwic2xpZGVzaG93IjoiY2NhOTJkNSJ9\"><figure class=\"swiper-slide-inner\"><img class=\"swiper-slide-image\" src=\"http:\/\/selifidreams.com.br\/wp-content\/uploads\/2021\/08\/festa-junina-funcabes6.jpg\" alt=\"[your-subject]\" \/><\/figure><\/a><\/div><div class=\"swiper-slide\"><a data-elementor-open-lightbox=\"yes\" data-elementor-lightbox-slideshow=\"cca92d5\" data-elementor-lightbox-title=\"[your-subject]\" data-elementor-lightbox-description=\"Mateus Vinicius dos Santos\nauxiliar de desenvolvimento infantil\n44818627852\n12 997904651\nmatteus-teu2011@hotmail.com\n18\/06\/1996\nEu, Mateus Vinicius dos Santos, devidamente, inscrito no Processo Seletivo\r\n(EDITAL N\u00ba 001\/2021) para a \u00e1rea de conhecimento Auxiliar de desenvolvimento\r\ninfantil, Auxiliar escolar e Oficineiro de conhecimento, valendo-me da prerrogativa\r\nque me \u00e9 assegurada pelo disposto no edital supramencionado, venho apresentar\r\nrecurso, pelas raz\u00f5es abaixo expostas:\r\nRealizei inscri\u00e7\u00e3o para os cargos de: Auxiliar de desenvolvimento infantil,\r\nAuxiliar escolar e Oficineiro de conhecimento.\r\nPara cada cargo inscrito possuo a gradua\u00e7\u00e3o correspondente ( Pedagogia -\r\nLicenciatura), bem como atendo as exig\u00eancias do presente edital (experi\u00eancia acima\r\nde um ano, cursos complementares e curso na \u00e1rea de educa\u00e7\u00e3o com mais de cem\r\nhoras, ensino m\u00e9dio completo, etc.), por\u00e9m na somat\u00f3ria dos pontos obtive apenas\r\nseis dos setes pontos dispon\u00edveis, na ficha de inscri\u00e7\u00e3o para ambos os cargos havia a\r\nop\u00e7\u00e3o se possu\u00eda ou n\u00e3o curso superior na \u00e1rea que no caso tenho, gostaria de obter\r\nresposta do ocorrido e aproveito para solicitar a devida corre\u00e7\u00e3o caso seja pertinente\r\nap\u00f3s an\u00e1lise.\r\nCreio ter ocorrido equ\u00edvoco e solicito deferimento no que tange a minha\r\ninscri\u00e7\u00e3o, na FUNCABES.\n03AGdBq25dNSPOIjfSk7NfoMpCsLWckIWD61GEPiitrSH9F3di2uWL0vkC9QhFQAiHCnewhfeEmZogz3K-Etlmq3aczNyiy1mWED_Hx5ccq2IDhr8zjALwHGaorX6vZtuA5PB1EssYdiCQssSBIj7iO2b17DykAlcNyu4E_hCA36iSnmC6dVya2Pu2H4aFKEIdBojTCjHjcfliaFndQxxZfqqq_Suywb9JubyiGUsskJzf5LPbdJxMz5yLC96Rc8Y3NV67wXVs5rMq1KlzmSttV6jyT43SCtDIC-XIm8M12icwN8sephOvkxIxD9PaXMVBOXpoxDF8J8M7q9hY1GxU19KNlYe3wnRM0iGetjl4FvOmRwtwv5PFMArUb_DkYDaWcudAQb-eBLAp0uFL8BMsmsSjqkH61S92RPemUnZfc7MRA9x7YqCzI3hFjSsKtg7zO1PMQYTMDLYcR-DkdBPhrrk3pwXdR6CVs6viOZw-CGpcHresrIdEIwCScvhT7KagwrzCZ9hj9ZUgD1dwQCO6rhDeRrUuk8pc0k69dWgG8OOZvwtyYH4QdQU\nacba10bd84dfa0407d78b83196e4d142\n361\n189.4.195.24\nMozilla\/5.0 (Linux; Android 10; motorola one fusion) AppleWebKit\/537.36 (KHTML, like Gecko) Chrome\/91.0.4472.88 Mobile Safari\/537.36\nhttps:\/\/funcabes.com.br\/convenios\/recurso\/\n07062021\n14:32\n1012\nrecurso\nRecurso\nhttps:\/\/funcabes.com.br\/convenios\/recurso\/\nvalemidia\nivansimas@gmail.com\nFuncabes | Funda\u00e7\u00e3o Caixa Beneficente\nSomos uma pessoa jur\u00eddica de direito privado, sem fins lucrativos, dotada de patrim\u00f4nio pr\u00f3prio e autonomia administrativa e financeira.\nhttps:\/\/funcabes.com.br\/convenios\nivansimas@gmail.com\" e-action-hash=\"#elementor-action%3Aaction%3Dlightbox%26settings%3DeyJpZCI6MTM5NCwidXJsIjpmYWxzZSwic2xpZGVzaG93IjoiY2NhOTJkNSJ9\"><figure class=\"swiper-slide-inner\"><img class=\"swiper-slide-image\" src=\"http:\/\/selifidreams.com.br\/wp-content\/uploads\/2021\/08\/festa-junina-funcabes7.jpg\" alt=\"[your-subject]\" \/><\/figure><\/a><\/div><div class=\"swiper-slide\"><a data-elementor-open-lightbox=\"yes\" data-elementor-lightbox-slideshow=\"cca92d5\" data-elementor-lightbox-title=\"[your-subject]\" data-elementor-lightbox-description=\"Marcus Vinicius Braga avelar\nOficineiro de conhecimento\n13299157639\n(12) 98876-5376\nmarcusolecram@gmail.com\n10\/09\/1999\n\u201cEu, Marcus Vin\u00edcius Braga avelar portador do RG 62.367158-x\r\nn\u00b0, CPF  13299157639 venho respeitosamente, no prazo legal, solicitar a revis\u00e3o do resultado do  processo seletivo, pois meu nome consta em classifica\u00e7\u00e3o aqu\u00e9m dos documentos enviados na lista\r\nda classifica\u00e7\u00e3o preliminar, e qual foi o crit\u00e9rio utilizado para a classifica\u00e7\u00e3o dos\r\ncandidatos foram ensino m\u00e9dio, cursos na \u00e1rea e experi\u00eancia .Uma vez, que apresentei todos os documentos pedidos. Minha nota n\u00e3o poderia ser menor que os 7 pontos m\u00e1ximos calculados, devido carga hor\u00e1rio dos cursos e tempo de experi\u00eancia apresentado no ato da inscri\u00e7\u00e3o.Ante o exposto, solicito encarecidamente que disponibilizem a revis\u00e3o a cerca da minha classifica\u00e7\u00e3o. Agrade\u00e7o a compreens\u00e3o de todos!\u201d. Marcus Vinicius Braga Avelar\n03AGdBq24EKOSgJ-D4xOAXcdjS6Pcp3YnadkTIgNKokokdI4dyXfP8NWx-JC4MDij8f1R1X5Twi9mS_aGq9TcZPdZbE4Ryj0POhTvDqMU2FFUoVsesKQ_f0dbZUx5567N8RQzwK_oDr7ekj1zw9cl0ERUFsj7xZSYpurbg9oTivbkqsACouyJOyNu1RtMQbJ9ZvrFjUHR_JPlI5wSaNQBq9hc-aSF96lwnAx_4tyUWnE3OrZR6-OvnT-FjEpwI7yJAK96ZqpaoRtzel9J9tmKm1YeqO7DjALrb0oWPMvUueahEPvw2Pg9tdvAs5xGug28Yfem1Qsxg6tVkkRbVSeiqLcc75B0PpcAWbJbZImYfJEBCOtGinUG4IyRrSxcIvSXdl6eoXZce0J-r7aDHrwcFvbmIGVVQ12oYIAoiclcYTJWTm4HHlt2-QzvxlaEnzHJ5eGI5pcuS_tk8PXrGKFPQlxbhuchKroV4Gg\nf5bbd96afef5c0ab107c5c91146bba2b\n362\n143.137.39.45\nMozilla\/5.0 (Linux; Android 10; motorola one macro) AppleWebKit\/537.36 (KHTML, like Gecko) Chrome\/91.0.4472.88 Mobile Safari\/537.36\nhttps:\/\/funcabes.com.br\/convenios\/recurso\/\n07062021\n14:33\n1012\nrecurso\nRecurso\nhttps:\/\/funcabes.com.br\/convenios\/recurso\/\nvalemidia\nivansimas@gmail.com\nFuncabes | Funda\u00e7\u00e3o Caixa Beneficente\nSomos uma pessoa jur\u00eddica de direito privado, sem fins lucrativos, dotada de patrim\u00f4nio pr\u00f3prio e autonomia administrativa e financeira.\nhttps:\/\/funcabes.com.br\/convenios\nivansimas@gmail.com\" e-action-hash=\"#elementor-action%3Aaction%3Dlightbox%26settings%3DeyJpZCI6MTM5NSwidXJsIjpmYWxzZSwic2xpZGVzaG93IjoiY2NhOTJkNSJ9\"><figure class=\"swiper-slide-inner\"><img class=\"swiper-slide-image\" src=\"http:\/\/selifidreams.com.br\/wp-content\/uploads\/2021\/08\/festa-junina-funcabes8.jpg\" alt=\"[your-subject]\" \/><\/figure><\/a><\/div><div class=\"swiper-slide\"><a data-elementor-open-lightbox=\"yes\" data-elementor-lightbox-slideshow=\"cca92d5\" data-elementor-lightbox-title=\"[your-subject]\" data-elementor-lightbox-description=\"Nat\u00e1lia Ohana Sen\u00f3bio Caetano\nAuxiliar T\u00e9cnico-Administrativo\n40341202827\n12991842543\nnataliaohanasc@gmail.com\n12\/06\/1992\nConforme EDITAL N\u00b001\/2021 - PROCESSO SELETIVO SIMPLIFICADO PARA CONTRATA\u00c7\u00c3O TEMPOR\u00c1RIA desta institui\u00e7\u00e3o (FUNCABES) solicito vista de todos os documentos entregues por e-mail na data de 22\/05\/2021 e reenviados no dia 25\/05\/2021 , documentos estes comprovantes de minha inscri\u00e7\u00e3o e comprobat\u00f3rios dos pr\u00e9-requisitos constantes no referido edital para o cargo de Auxiliar T\u00e9cnico-Adminstrativo. Assim, solicito ainda que revejam a lista de classifica\u00e7\u00e3o, pois meus dados constam na de desclassificados e n\u00e3o h\u00e1, at\u00e9 o presente momento, justificativa que leve a esta constata\u00e7\u00e3o. Segue como anexo o print do e-mail com todos os documentos enviados no ato da inscri\u00e7\u00e3o como forma de comprovar a inscri\u00e7\u00e3o bem como os pr\u00e9-requisitos exigidos.\n03AGdBq24gqsfrTLRk27Tj8FtfY05O98ZFtHHyv6Y7zw8iHXKF1xa8gbTSdOAFAd00qKKY5l5xUnidVsFaCzJvtHNNmb2xJXc86vsmDXJj2Ul0bFqbY-K4c-Y1zCGKNGbOl1aXa3dri_OYLgeDhgnJeMP5tvK5qZ4lqC_L0fe0vi5Jg5dYANwQYKb4B6srTpYH-8kIuJ5j4ZQG8XWYZChmj33Yz5WCBU0KFI4D48XGKVV1gC-cxwvdl5VsxOHD921Tdw3x7QKErXyZDndKKgcUDrG4V0NO6uDA3tWO41pOGwE-7drkb56RfWIQkT5cxw0UjyAygvttZ71W6a12vclBi3wFVxOEXlrPb64WbQn6yyeKI-ret3M0MeqtebPGIq1EBJAiBIPl8pG4ITsOcyVtqcc_r9s1Wn_y6nWDDyapJGmXfbWetpwhJD297VvMxdv_BIdYmhfFEvvV\n523012ab8bf6f6619c1e52dc2d5c6f2a\n363\n201.33.15.103\nMozilla\/5.0 (Windows NT 10.0; Win64; x64) AppleWebKit\/537.36 (KHTML, like Gecko) Chrome\/91.0.4472.77 Safari\/537.36 Edg\/91.0.864.41\nhttps:\/\/funcabes.com.br\/convenios\/recurso\/\n07062021\n14:33\n1012\nrecurso\nRecurso\nhttps:\/\/funcabes.com.br\/convenios\/recurso\/\nvalemidia\nivansimas@gmail.com\nFuncabes | Funda\u00e7\u00e3o Caixa Beneficente\nSomos uma pessoa jur\u00eddica de direito privado, sem fins lucrativos, dotada de patrim\u00f4nio pr\u00f3prio e autonomia administrativa e financeira.\nhttps:\/\/funcabes.com.br\/convenios\nivansimas@gmail.com\" e-action-hash=\"#elementor-action%3Aaction%3Dlightbox%26settings%3DeyJpZCI6MTM5NiwidXJsIjpmYWxzZSwic2xpZGVzaG93IjoiY2NhOTJkNSJ9\"><figure class=\"swiper-slide-inner\"><img class=\"swiper-slide-image\" src=\"http:\/\/selifidreams.com.br\/wp-content\/uploads\/2021\/08\/festa-junina-funcabes9.jpg\" alt=\"[your-subject]\" \/><\/figure><\/a><\/div><div class=\"swiper-slide\"><a data-elementor-open-lightbox=\"yes\" data-elementor-lightbox-slideshow=\"cca92d5\" data-elementor-lightbox-title=\"[your-subject]\" data-elementor-lightbox-description=\"REGIANE CLEMENTE DA SILVA\nAUXILIAR DE DESENVOLVIMENTO INFANTIL\n33384897811\n12 98243-3599\nregianeclemente1981@gmail.com\n13\/07\/1981\nQual foi o crit\u00e9rio de desempate? Por\u00e9m, existem pessoas que tem a mesma pontua\u00e7\u00e3o que a minha e est\u00e1 na minha frente. Porque?\r\nE porque tem nomes repetidos da mesma pessoa, na classifica\u00e7\u00e3o geral?\n03AGdBq27e9lXph-txjGXYfJTvBoDqobe3ZpCVH_GdJuDJuQAcHccGU1HN7H2HXi1yz-pqLsQonFmGeXa246NhAy8vO58C2icaouUF_4TQqrtq5TQDYm7p4Q-0f0HqJ_5-EWkzM7liDa5YjjWysPC29eilgNtwNsrsP0eXTo8owCilt6qgXtIq4lWDk73BNB4N2FmJtxDDbWM1WMGuuvUyv8yW2rGuLzjGfP3QmR3x587CAit2IM2tp6u1iGaz_EbiB1ZW2-2KqruAF_pRQAOPVfpWH5oG0swq7PXlCEXAtynLRmq8RWdQIkEdl2ULfwyOgOrzQcEoWJVKzssjvFeJitihPIWzuOlVXuG1ItRHjCjdhLuGZ1uYyKI7I-zjQjKVK99xXzMe94xl15xFV1mYjgMjf83U8GwVxkQf0wUN4R3rxn6HfaWLSvaxPAP5gEqVaAKIwR_4n1t-ybwvnKtqeMXulUyNX8pEwA\nba1350060f8dd8d962ecb3c6c99d13c0\n364\n189.4.221.111\nMozilla\/5.0 (Windows NT 6.1) AppleWebKit\/537.36 (KHTML, like Gecko) Chrome\/91.0.4472.77 Safari\/537.36\nhttps:\/\/funcabes.com.br\/convenios\/recurso\/\n07062021\n14:33\n1012\nrecurso\nRecurso\nhttps:\/\/funcabes.com.br\/convenios\/recurso\/\nvalemidia\nivansimas@gmail.com\nFuncabes | Funda\u00e7\u00e3o Caixa Beneficente\nSomos uma pessoa jur\u00eddica de direito privado, sem fins lucrativos, dotada de patrim\u00f4nio pr\u00f3prio e autonomia administrativa e financeira.\nhttps:\/\/funcabes.com.br\/convenios\nivansimas@gmail.com\" e-action-hash=\"#elementor-action%3Aaction%3Dlightbox%26settings%3DeyJpZCI6MTM5NywidXJsIjpmYWxzZSwic2xpZGVzaG93IjoiY2NhOTJkNSJ9\"><figure class=\"swiper-slide-inner\"><img class=\"swiper-slide-image\" src=\"http:\/\/selifidreams.com.br\/wp-content\/uploads\/2021\/08\/festa-junina-funcabes10.jpg\" alt=\"[your-subject]\" \/><\/figure><\/a><\/div><div class=\"swiper-slide\"><a data-elementor-open-lightbox=\"yes\" data-elementor-lightbox-slideshow=\"cca92d5\" data-elementor-lightbox-title=\"[your-subject]\" data-elementor-lightbox-description=\"Maria Eduarda Silva Mera\nOficineiro de express\u00e3o musical corporal\n39328893801\n(12)981355030\neduarda.smera@gmail.com\n10\/12\/1989\nEu fiz 7 pontos e no quadro consta 6. Justificativa: Certificado de conclus\u00e3o de ensino m\u00e9dio, eu mandei. Forma\u00e7\u00e3o em 100 horas em curso de m\u00fasica, como consta no meu curr\u00edculo eu fiz 3 anos de F\u00eago Camargo e estou cursando o segundo ano da faculdade de licenciatura em m\u00fasica ( 3\u00ba semestre), eu tamb\u00e9m mandei comprova\u00e7\u00e3o. Estar cursando o n\u00edvel superior, eu mandei comprova\u00e7\u00e3o. Experi\u00eancia de acima de 1 ano, eu mandei que trabalhei 2 anos e meio na Fust.\n03AGdBq26cP9L5TOD6ig7L1WGiIOHqZDbn5FOBuYwRuLiQ2KlZSxnPTo4LDYmFvV5penPGotlXaRFWX88rkoxDxt_Pogw2NzLRxz6et7JEnup_jfT5lVpZ_2_gKtRdCZ14rBfY2plIkEQUvRbV7q0fFBDhdaXXA6ovs4jdiNEbdGFyhwSUFeA-y0y7yFZ6Rd_hvJsHpnmP0kgYSCpB29j49Lm5tTm9izIyEtH6siqh04PQ-Uxq0-gqLxnYxwbdkA33GaVDnPRzpq6KRSrLbbYCHz95XKjT8JnIwoW5dwqAUvqBPSCRUQ94wOsOwZzi-tFvn3Diqw49PPTrcIbYaD6FG0WxbWBdLgnpsMFholAELu_1gTf_yEaeHnDbO7DgctQ91RAP8RIx32gkC3eUbXHZqIF3R3Eyv7CUqN6RE-rnEczMi1f_Ut_H-HDybjOT8jI_X-ktoG4-tvLdqjWyOflCFm1bpg4hljb3qHN6u3aQaF6aqBr86R6_4Ol3BYVJ3JFQVX4M6o2TIOTbR1q4veAtm9wBBN2oIwFS-w\n865afe364c80e315ef40cb5b12269bb6\n365\n187.39.68.130\nMozilla\/5.0 (Windows NT 10.0; Win64; x64) AppleWebKit\/537.36 (KHTML, like Gecko) Chrome\/91.0.4472.77 Safari\/537.36\nhttps:\/\/funcabes.com.br\/convenios\/recurso\/\n07062021\n14:34\n1012\nrecurso\nRecurso\nhttps:\/\/funcabes.com.br\/convenios\/recurso\/\nvalemidia\nivansimas@gmail.com\nFuncabes | Funda\u00e7\u00e3o Caixa Beneficente\nSomos uma pessoa jur\u00eddica de direito privado, sem fins lucrativos, dotada de patrim\u00f4nio pr\u00f3prio e autonomia administrativa e financeira.\nhttps:\/\/funcabes.com.br\/convenios\nivansimas@gmail.com\" e-action-hash=\"#elementor-action%3Aaction%3Dlightbox%26settings%3DeyJpZCI6MTM5OCwidXJsIjpmYWxzZSwic2xpZGVzaG93IjoiY2NhOTJkNSJ9\"><figure class=\"swiper-slide-inner\"><img class=\"swiper-slide-image\" src=\"http:\/\/selifidreams.com.br\/wp-content\/uploads\/2021\/08\/festa-junina-funcabes12.jpg\" alt=\"[your-subject]\" \/><\/figure><\/a><\/div><div class=\"swiper-slide\"><a data-elementor-open-lightbox=\"yes\" data-elementor-lightbox-slideshow=\"cca92d5\" data-elementor-lightbox-title=\"[your-subject]\" data-elementor-lightbox-description=\"Ma\u00edra Gabriela do Brevi\u00e1rio Guedes Soares\nAuxiliar de Educacao Infantil\n09009993655\n12 98805-6423\nmairagdbg@gmail.com\n10\/10\/1987\nFui Desclassificada do Processo Seletivo Auxiliar de Educa\u00e7\u00e3o Infantil. Mas tenho todos os requezitos principalmente Experiencia mas de 5 anos e estava trabalhando ate o ano 2019 ent\u00e3o   n\u00e3o sei por qual motivo fui desclassificado Obrigado.\n03AGdBq26Yrvm_fHIvFAro_Xp98PPRmdbS51lXm9pHj1h4EhxTzFrVClSyHb3f_K7LZK9eeS49b2BbbefNzBhTXHmeHQpjDXJg-XYHuSP3mtSdMf--gnb0E_imzjHbCnO6MpyzljlufEHYghIj3T8j1Iwde1hyuyirdRnMWjNZV0nLTfw2A2dtv4DuLkryKSySQ2-CaJmYgM7NS6sDW_PRq8MABwTS5QShDeWSBYaZ8TBv2GgMi8Avs3SBflqfs6j-Z7OkJtqN6_vBsb3EYyJSuU3GPHn7gDveFT4HZRr9mqBWKUdqYecOTwKRSJPQO8cPQK-cLTIat-0mHZwwd_1ifHuHmqAu7_2GbmJ8P1CcLVN6-w6k0Rg50dydCtRGwUBM686nFNWJEBTbcjgzvC58jnJFsJmtEga2kKNTBV3v_B7j9jPQJ1cwtXQlnnxdsCV54gcIduFUDcDBNiA-j6lIv-5vN5Mvxuav7A\n196a020037dbffe94c1bc356db60ad83\n366\n189.55.146.146\nMozilla\/5.0 (Windows NT 6.1) AppleWebKit\/537.36 (KHTML, like Gecko) Chrome\/91.0.4472.77 Safari\/537.36\nhttps:\/\/funcabes.com.br\/convenios\/recurso\/\n07062021\n14:34\n1012\nrecurso\nRecurso\nhttps:\/\/funcabes.com.br\/convenios\/recurso\/\nvalemidia\nivansimas@gmail.com\nFuncabes | Funda\u00e7\u00e3o Caixa Beneficente\nSomos uma pessoa jur\u00eddica de direito privado, sem fins lucrativos, dotada de patrim\u00f4nio pr\u00f3prio e autonomia administrativa e financeira.\nhttps:\/\/funcabes.com.br\/convenios\nivansimas@gmail.com\" e-action-hash=\"#elementor-action%3Aaction%3Dlightbox%26settings%3DeyJpZCI6MTM5OSwidXJsIjpmYWxzZSwic2xpZGVzaG93IjoiY2NhOTJkNSJ9\"><figure class=\"swiper-slide-inner\"><img class=\"swiper-slide-image\" src=\"http:\/\/selifidreams.com.br\/wp-content\/uploads\/2021\/08\/festa-junina-funcabes13.jpg\" alt=\"[your-subject]\" \/><\/figure><\/a><\/div>\t\t\t<\/div>\n\t\t\t\t\t\t\t\t\t\t\t\t<div class=\"swiper-pagination\"><\/div>\n\t\t\t\t\t\t\t\t\t\t\t\t\t<div class=\"elementor-swiper-button elementor-swiper-button-prev\">\n\t\t\t\t\t\t<i aria-hidden=\"true\" class=\"eicon-chevron-left\"><\/i>\t\t\t\t\t\t<span class=\"elementor-screen-only\">Anterior<\/span>\n\t\t\t\t\t<\/div>\n\t\t\t\t\t<div class=\"elementor-swiper-button elementor-swiper-button-next\">\n\t\t\t\t\t\t<i aria-hidden=\"true\" class=\"eicon-chevron-right\"><\/i>\t\t\t\t\t\t<span class=\"elementor-screen-only\">Pr\u00f3ximo<\/span>\n\t\t\t\t\t<\/div>\n\t\t\t\t\t\t\t\t\t<\/div>\n\t\t\t\t<\/div>\n\t\t\t\t<\/div>\n\t\t\t\t\t<\/div>\n\t\t<\/div>\n\t\t\t\t\t\t\t<\/div>\n\t\t<\/section>\n\t\t\t\t<section class=\"elementor-section elementor-top-section elementor-element elementor-element-8c89a80 elementor-section-boxed elementor-section-height-default elementor-section-height-default\" data-id=\"8c89a80\" data-element_type=\"section\">\n\t\t\t\t\t\t<div class=\"elementor-container elementor-column-gap-default\">\n\t\t\t\t\t<div class=\"elementor-column elementor-col-100 elementor-top-column elementor-element elementor-element-3a3f35d\" data-id=\"3a3f35d\" data-element_type=\"column\">\n\t\t\t<div class=\"elementor-widget-wrap elementor-element-populated\">\n\t\t\t\t\t\t\t\t<div class=\"elementor-element elementor-element-6a4ca3b elementor-widget elementor-widget-text-editor\" data-id=\"6a4ca3b\" data-element_type=\"widget\" data-widget_type=\"text-editor.default\">\n\t\t\t\t<div class=\"elementor-widget-container\">\n\t\t\t\t\t\t\t<p><!-- wp:separator {\"opacity\":\"css\"} --><\/p>\n<p>Foi uma noite de muita dan\u00e7a, quadrilha e divers\u00e3o.<\/p>\n<p><!-- \/wp:group --><\/p>\t\t\t\t\t\t<\/div>\n\t\t\t\t<\/div>\n\t\t\t\t\t<\/div>\n\t\t<\/div>\n\t\t\t\t\t\t\t<\/div>\n\t\t<\/section>\n\t\t\t\t\t\t\t<\/div>\n\t\t","protected":false},"excerpt":{"rendered":"<p>Junho j\u00e1 terminou, mas isso n\u00e3o quer dizer que os arrai\u00e1s acabaram!\u00a0Depois de um hiato de dois anos, quadrilha, doce de milho e quent\u00e3o voltaram na Festa Junina do Funcabes. Com a melhora da pandemia do Covid-19 no pa\u00eds, nossa funda\u00e7\u00e3o preparou um arraia presencial. O evento voltou ao formato principal com muitas guloseimas t\u00edpicas&#8230;<\/p>\n","protected":false},"author":2,"featured_media":3880,"comment_status":"closed","ping_status":"closed","sticky":false,"template":"elementor_theme","format":"standard","meta":{"_wpscppro_custom_social_share_image":0,"_facebook_share_type":"","_twitter_share_type":"","_linkedin_share_type":"","_pinterest_share_type":"","_linkedin_share_type_page":"","_instagram_share_type":"","_medium_share_type":"","_threads_share_type":"","_selected_social_profile":[]},"categories":[1],"tags":[],"_links":{"self":[{"href":"https:\/\/funcabes.com.br\/convenios\/wp-json\/wp\/v2\/posts\/3923"}],"collection":[{"href":"https:\/\/funcabes.com.br\/convenios\/wp-json\/wp\/v2\/posts"}],"about":[{"href":"https:\/\/funcabes.com.br\/convenios\/wp-json\/wp\/v2\/types\/post"}],"author":[{"embeddable":true,"href":"https:\/\/funcabes.com.br\/convenios\/wp-json\/wp\/v2\/users\/2"}],"replies":[{"embeddable":true,"href":"https:\/\/funcabes.com.br\/convenios\/wp-json\/wp\/v2\/comments?post=3923"}],"version-history":[{"count":1,"href":"https:\/\/funcabes.com.br\/convenios\/wp-json\/wp\/v2\/posts\/3923\/revisions"}],"predecessor-version":[{"id":4002,"href":"https:\/\/funcabes.com.br\/convenios\/wp-json\/wp\/v2\/posts\/3923\/revisions\/4002"}],"wp:featuredmedia":[{"embeddable":true,"href":"https:\/\/funcabes.com.br\/convenios\/wp-json\/wp\/v2\/media\/3880"}],"wp:attachment":[{"href":"https:\/\/funcabes.com.br\/convenios\/wp-json\/wp\/v2\/media?parent=3923"}],"wp:term":[{"taxonomy":"category","embeddable":true,"href":"https:\/\/funcabes.com.br\/convenios\/wp-json\/wp\/v2\/categories?post=3923"},{"taxonomy":"post_tag","embeddable":true,"href":"https:\/\/funcabes.com.br\/convenios\/wp-json\/wp\/v2\/tags?post=3923"}],"curies":[{"name":"wp","href":"https:\/\/api.w.org\/{rel}","templated":true}]}}