{"id":3922,"date":"2021-08-13T04:35:56","date_gmt":"2021-08-13T04:35:56","guid":{"rendered":"https:\/\/selifidreams.com.br\/how-bidens-victory-will-affect-the-trade-globally\/"},"modified":"2022-09-13T11:21:30","modified_gmt":"2022-09-13T14:21:30","slug":"how-bidens-victory-will-affect-the-trade-globally","status":"publish","type":"post","link":"https:\/\/funcabes.com.br\/convenios\/how-bidens-victory-will-affect-the-trade-globally\/","title":{"rendered":"Visita do prefeito na Funcabes"},"content":{"rendered":"\n<p>Na tarde da ultima segunda feira (05), o Prefeito Jos\u00e9 Saud visitou a Funcabes, onde acompanhou de perto o funcionamento da nossa Funda\u00e7\u00e3o e o cotidiano dos nossos funcion\u00e1rios.<\/p>\n\n\n\n<p>O prefeito estava acompanhado do vereador Marcelo Macedo. Tamb\u00e9m contamos com o comparecimento da reitora da Universidade de Taubat\u00e9, Nara L\u00facia e Vera Hilst, secret\u00e1ria de educa\u00e7\u00e3o.<\/p>\n\n\n\n<p>Foi uma tarde de muita conversa prevendo o melhor da Educa\u00e7\u00e3o Integral em Taubat\u00e9.<\/p>\n\n\n\n<figure class=\"wp-container-2 wp-block-gallery-1 wp-block-gallery has-nested-images columns-default is-cropped\">\n<figure class=\"wp-block-image size-large\"><img data-id=\"1438\"  src=\"https:\/\/funcabes.com.br\/convenios\/wp-content\/uploads\/2022\/09\/IMG_2416-1-scaled-1.jpg\" alt=\"\" class=\"wp-image-1438\"\/><\/figure>\n\n\n\n<figure class=\"wp-block-image size-large\"><img data-id=\"1433\"  src=\"https:\/\/funcabes.com.br\/convenios\/wp-content\/uploads\/2022\/09\/IMG_2382.jpg\" alt=\"\" class=\"wp-image-1433\"\/><\/figure>\n\n\n\n<figure class=\"wp-block-image size-large\"><img data-id=\"1432\"  src=\"https:\/\/funcabes.com.br\/convenios\/wp-content\/uploads\/2022\/09\/IMG_2389-scaled-1.jpg\" alt=\"\" class=\"wp-image-1432\"\/><\/figure>\n<\/figure>\n","protected":false},"excerpt":{"rendered":"<p>Na tarde da ultima segunda feira (05), o Prefeito Jos\u00e9 Saud visitou a Funcabes, onde acompanhou de perto o funcionamento da nossa Funda\u00e7\u00e3o e o cotidiano dos nossos funcion\u00e1rios. O prefeito estava acompanhado do vereador Marcelo Macedo. Tamb\u00e9m contamos com o comparecimento da reitora da Universidade de Taubat\u00e9, Nara L\u00facia e Vera Hilst, secret\u00e1ria de&#8230;<\/p>\n","protected":false},"author":2,"featured_media":3891,"comment_status":"closed","ping_status":"closed","sticky":false,"template":"","format":"standard","meta":{"_wpscppro_custom_social_share_image":0,"_facebook_share_type":"","_twitter_share_type":"","_linkedin_share_type":"","_pinterest_share_type":"","_linkedin_share_type_page":"","_instagram_share_type":"","_medium_share_type":"","_threads_share_type":"","_selected_social_profile":[]},"categories":[1],"tags":[],"_links":{"self":[{"href":"https:\/\/funcabes.com.br\/convenios\/wp-json\/wp\/v2\/posts\/3922"}],"collection":[{"href":"https:\/\/funcabes.com.br\/convenios\/wp-json\/wp\/v2\/posts"}],"about":[{"href":"https:\/\/funcabes.com.br\/convenios\/wp-json\/wp\/v2\/types\/post"}],"author":[{"embeddable":true,"href":"https:\/\/funcabes.com.br\/convenios\/wp-json\/wp\/v2\/users\/2"}],"replies":[{"embeddable":true,"href":"https:\/\/funcabes.com.br\/convenios\/wp-json\/wp\/v2\/comments?post=3922"}],"version-history":[{"count":1,"href":"https:\/\/funcabes.com.br\/convenios\/wp-json\/wp\/v2\/posts\/3922\/revisions"}],"predecessor-version":[{"id":4003,"href":"https:\/\/funcabes.com.br\/convenios\/wp-json\/wp\/v2\/posts\/3922\/revisions\/4003"}],"wp:featuredmedia":[{"embeddable":true,"href":"https:\/\/funcabes.com.br\/convenios\/wp-json\/wp\/v2\/media\/3891"}],"wp:attachment":[{"href":"https:\/\/funcabes.com.br\/convenios\/wp-json\/wp\/v2\/media?parent=3922"}],"wp:term":[{"taxonomy":"category","embeddable":true,"href":"https:\/\/funcabes.com.br\/convenios\/wp-json\/wp\/v2\/categories?post=3922"},{"taxonomy":"post_tag","embeddable":true,"href":"https:\/\/funcabes.com.br\/convenios\/wp-json\/wp\/v2\/tags?post=3922"}],"curies":[{"name":"wp","href":"https:\/\/api.w.org\/{rel}","templated":true}]}}